{"id":14823,"date":"2024-10-21T17:38:04","date_gmt":"2024-10-21T20:38:04","guid":{"rendered":"https:\/\/peabiru.org.br\/?p=14823"},"modified":"2024-10-22T15:41:36","modified_gmt":"2024-10-22T18:41:36","slug":"participa-jovem-projeto-pela-promocao-da-cidadania-juvenil-inicia-nova-fase-em-vila-palmares-tailandia-pa","status":"publish","type":"post","link":"https:\/\/peabiru.org.br\/en\/2024\/10\/21\/participa-jovem-projeto-pela-promocao-da-cidadania-juvenil-inicia-nova-fase-em-vila-palmares-tailandia-pa\/","title":{"rendered":"Participa Jovem: projeto pela promo\u00e7\u00e3o da cidadania juvenil inicia nova fase em Vila Palmares (Tail\u00e2ndia-PA)"},"content":{"rendered":"<figure class=\"wp-block-image size-large is-resized\"><img loading=\"lazy\" decoding=\"async\" width=\"1024\" height=\"799\" src=\"https:\/\/peabiru.org.br\/wp-content\/uploads\/2024\/10\/image-1024x799.jpg\" alt=\"\" class=\"wp-image-14824\" style=\"width:847px;height:auto\" srcset=\"https:\/\/peabiru.org.br\/wp-content\/uploads\/2024\/10\/image-1024x799.jpg 1024w, https:\/\/peabiru.org.br\/wp-content\/uploads\/2024\/10\/image-300x234.jpg 300w, https:\/\/peabiru.org.br\/wp-content\/uploads\/2024\/10\/image-768x599.jpg 768w, https:\/\/peabiru.org.br\/wp-content\/uploads\/2024\/10\/image-15x12.jpg 15w, https:\/\/peabiru.org.br\/wp-content\/uploads\/2024\/10\/image.jpg 1383w\" sizes=\"auto, (max-width: 1024px) 100vw, 1024px\" \/><\/figure>\n\n\n\n<p>A promo\u00e7\u00e3o dos direitos humanos \u00e0 participa\u00e7\u00e3o social \u00e9 o principal objetivo do Participa Jovem, projeto criado pelo Instituto Peabiru, que iniciou sua segunda fase em julho de 2024. A iniciativa promove, aos adolescentes e jovens em idade escolar, pr\u00e1ticas de cidadania e lideran\u00e7a, a partir de temas estrat\u00e9gicos na Agenda 2030 da Organiza\u00e7\u00e3o das Na\u00e7\u00f5es Unidas (ONU).<\/p>\n\n\n\n<p>Realizado em Vila dos Palmares, distrito do munic\u00edpio de Tail\u00e2ndia (PA), o projeto conta com o financiamento da Agropalma na regi\u00e3o. Nesta etapa, as escolas municipais e estadual da localidade t\u00eam sido mobilizadas para a realiza\u00e7\u00e3o de oficinas tem\u00e1ticas, abordando temas estrat\u00e9gicos como Empoderamento de Meninas, Projetos de Vida e Mudan\u00e7as Clim\u00e1ticas.<\/p>\n\n\n\n<p>Cl\u00e1udio Melo, gerente de projetos do Instituto Peabiru, comenta sobre a import\u00e2ncia do retorno do projeto para a juventude do territ\u00f3rio: \u201cO Participa Jovem, em Vila dos Palmares, \u00e9 uma grande oportunidade para os adolescentes se tornarem l\u00edderes ativos na comunidade. Com foco em habilidades sustent\u00e1veis e cidad\u00e3s, o projeto n\u00e3o s\u00f3 ensina, mas tamb\u00e9m fortalece os la\u00e7os entre as pessoas, tendo como foco a Agenda 2030. Ent\u00e3o, o que a gente espera \u00e9 ver como essa iniciativa vai auxiliar a comunidade, e tamb\u00e9m servir de inspira\u00e7\u00e3o para seguir um caminho de desenvolvimento sustent\u00e1vel e participa\u00e7\u00e3o cidad\u00e3 genu\u00edna\u201d, afirma Cl\u00e1udio.<\/p>\n\n\n\n<p><strong>Nova fase &#8211; <\/strong>A partir do in\u00edcio da segunda fase, em julho de 2024, os resultados esperados pela equipe da iniciativa s\u00e3o a cria\u00e7\u00e3o de redes de parcerias estrat\u00e9gicas locais, com as lideran\u00e7as comunit\u00e1rias participando ativamente em todas as etapas do projeto, e maior engajamento da Vila dos Palmares na implementa\u00e7\u00e3o da Agenda 2030. Para isso, a equipe t\u00e9cnica do projeto ir\u00e1 ministrar oficinas de capacita\u00e7\u00e3o, reuni\u00f5es de planejamento das a\u00e7\u00f5es e reuni\u00f5es com os jovens e seus familiares, a fim de promover intera\u00e7\u00e3o e aprendizado m\u00fatuo na comunidade.<\/p>\n\n\n\n<p>Ronald Menezes, de 19 anos, integrante do Participa Jovem desde a primeira edi\u00e7\u00e3o em 2021, destacou a relev\u00e2ncia do projeto para a conscientiza\u00e7\u00e3o da juventude. \u201cMuitos jovens s\u00f3 pensam em terminar a escola e arrumar um trabalho. N\u00e3o se importam com a sociedade ou com o poder que temos de mudar o futuro\u201d, afirma o jovem, destacando que o projeto \u00e9 uma oportunidade de abrir os olhos dos adolescentes para seu papel transformador.<\/p>\n\n\n\n<p>Em outubro o projeto realiza as primeiras oficinas sobre mudan\u00e7as clim\u00e1ticas, e incluir\u00e1 reuni\u00f5es de planejamento e intera\u00e7\u00f5es entre os jovens, suas fam\u00edlias e a comunidade local.<\/p>\n\n\n\n<p><strong>Hist\u00f3rico \u2013<\/strong> O Participa Jovem nasceu em 2021, a partir de jornada de orienta\u00e7\u00e3o e elabora\u00e7\u00e3o de um plano de interven\u00e7\u00e3o orientado pelo edital Ita\u00fa Social. A iniciativa \u00e9 uma resposta a demanda identificada pelo Instituto Peabiru em envolver, por meio de a\u00e7\u00f5es estrat\u00e9gicas especificas, adolescentes e jovens dos territ\u00f3rios amaz\u00f4nicos. Na primeira fase, o projeto promoveu a discuss\u00e3o e a defini\u00e7\u00e3o de temas e dos respectivos ODS priorit\u00e1rios para os moradores da Vila dos Palmares. Seis ODS foram elencados em tr\u00eas temas: Educa\u00e7\u00e3o: ODS 4 \u2013 Educa\u00e7\u00e3o de Qualidade; Solidariedade: ODS 11 \u2013 Cidades e Comunidades Sustent\u00e1veis; ODS 16 \u2013 Paz, Justi\u00e7a e Institui\u00e7\u00f5es Eficazes; e ODS 17 \u2013 Parcerias e Meios de Implementa\u00e7\u00e3o; Sa\u00fade\/lazer e inclus\u00e3o: ODS 3 \u2013 Sa\u00fade e Bem-Estar; e ODS 6 \u2013 \u00c1gua Pot\u00e1vel e Saneamento.<\/p>\n\n\n\n<p>Saiba mais sobre o projeto Participa Jovem: <a href=\"https:\/\/peabiru.org.br\/en\/projeto\/agenda-2030-vila-dos-palmares-2\/\">https:\/\/peabiru.org.br\/projeto\/participa-jovem\/<\/a><\/p>\n\n\n\n<p><em>Texto: Giovanna Martini, sob supervis\u00e3o de Luciana Kellen<\/em><\/p>","protected":false},"excerpt":{"rendered":"<p>A promo\u00e7\u00e3o dos direitos humanos \u00e0 participa\u00e7\u00e3o social \u00e9 o principal objetivo do Participa Jovem, projeto criado pelo Instituto Peabiru, que iniciou sua segunda fase em julho de 2024. A iniciativa promove, aos adolescentes e jovens em idade escolar, pr\u00e1ticas de cidadania e lideran\u00e7a, a partir de temas estrat\u00e9gicos na Agenda 2030 da Organiza\u00e7\u00e3o das [&hellip;]<\/p>","protected":false},"author":2,"featured_media":0,"comment_status":"open","ping_status":"open","sticky":false,"template":"","format":"standard","meta":{"advanced_seo_description":"Participa Jovem: projeto pela promo\u00e7\u00e3o da cidadania juvenil inicia nova fase em Vila Palmares (Tail\u00e2ndia-PA)","jetpack_seo_html_title":"Participa Jovem: projeto pela promo\u00e7\u00e3o da cidadania juvenil inicia nova fase em Vila Palmares (Tail\u00e2ndia-PA)","jetpack_seo_noindex":false,"_jetpack_memberships_contains_paid_content":false,"footnotes":""},"categories":[6],"tags":[12,62,439,464,1007,852],"class_list":["post-14823","post","type-post","status-publish","format-standard","hentry","category-noticias","tag-destaques","tag-amazonia","tag-instituto-peabiru","tag-juventude","tag-participa-jovem","tag-unicef"],"jetpack_featured_media_url":"","jetpack_sharing_enabled":true,"_links":{"self":[{"href":"https:\/\/peabiru.org.br\/en\/wp-json\/wp\/v2\/posts\/14823","targetHints":{"allow":["GET"]}}],"collection":[{"href":"https:\/\/peabiru.org.br\/en\/wp-json\/wp\/v2\/posts"}],"about":[{"href":"https:\/\/peabiru.org.br\/en\/wp-json\/wp\/v2\/types\/post"}],"author":[{"embeddable":true,"href":"https:\/\/peabiru.org.br\/en\/wp-json\/wp\/v2\/users\/2"}],"replies":[{"embeddable":true,"href":"https:\/\/peabiru.org.br\/en\/wp-json\/wp\/v2\/comments?post=14823"}],"version-history":[{"count":2,"href":"https:\/\/peabiru.org.br\/en\/wp-json\/wp\/v2\/posts\/14823\/revisions"}],"predecessor-version":[{"id":14826,"href":"https:\/\/peabiru.org.br\/en\/wp-json\/wp\/v2\/posts\/14823\/revisions\/14826"}],"wp:attachment":[{"href":"https:\/\/peabiru.org.br\/en\/wp-json\/wp\/v2\/media?parent=14823"}],"wp:term":[{"taxonomy":"category","embeddable":true,"href":"https:\/\/peabiru.org.br\/en\/wp-json\/wp\/v2\/categories?post=14823"},{"taxonomy":"post_tag","embeddable":true,"href":"https:\/\/peabiru.org.br\/en\/wp-json\/wp\/v2\/tags?post=14823"}],"curies":[{"name":"wp","href":"https:\/\/api.w.org\/{rel}","templated":true}]}}