{"id":15242,"date":"2025-10-14T16:20:06","date_gmt":"2025-10-14T19:20:06","guid":{"rendered":"https:\/\/peabiru.org.br\/?p=15242"},"modified":"2025-10-15T15:00:47","modified_gmt":"2025-10-15T18:00:47","slug":"adolescentes-refletem-sobre-futuro-em-oficina-do-projeto-participa-jovem-em-tailandia-pa","status":"publish","type":"post","link":"https:\/\/peabiru.org.br\/en\/2025\/10\/14\/adolescentes-refletem-sobre-futuro-em-oficina-do-projeto-participa-jovem-em-tailandia-pa\/","title":{"rendered":"Adolescentes refletem sobre futuro em oficina\u00a0do Projeto Participa Jovem, em Tail\u00e2ndia (PA)"},"content":{"rendered":"<p><em>Estudantes de escolas p\u00fablicas e particulares participaram de uma oficina sobre projeto de vida, promovida pelo Instituto Peabiru por meio do Projeto Participa Jovem, em Vila Palmares, em Tail\u00e2ndia (PA).<\/em><\/p>\n\n\n\n<figure class=\"wp-block-image is-resized\"><img loading=\"lazy\" decoding=\"async\" width=\"4032\" height=\"2268\" src=\"https:\/\/peabiru.org.br\/wp-content\/uploads\/2025\/10\/IMG_5280.jpg\" alt=\"\" class=\"wp-image-15244\" style=\"width:747px;height:auto\" srcset=\"https:\/\/peabiru.org.br\/wp-content\/uploads\/2025\/10\/IMG_5280.jpg 4032w, https:\/\/peabiru.org.br\/wp-content\/uploads\/2025\/10\/IMG_5280-300x169.jpg 300w, https:\/\/peabiru.org.br\/wp-content\/uploads\/2025\/10\/IMG_5280-1024x576.jpg 1024w, https:\/\/peabiru.org.br\/wp-content\/uploads\/2025\/10\/IMG_5280-768x432.jpg 768w, https:\/\/peabiru.org.br\/wp-content\/uploads\/2025\/10\/IMG_5280-1536x864.jpg 1536w, https:\/\/peabiru.org.br\/wp-content\/uploads\/2025\/10\/IMG_5280-2048x1152.jpg 2048w, https:\/\/peabiru.org.br\/wp-content\/uploads\/2025\/10\/IMG_5280-18x10.jpg 18w\" sizes=\"auto, (max-width: 4032px) 100vw, 4032px\" \/><\/figure>\n\n\n\n<p>Um dos grandes desafios da adolesc\u00eancia \u00e9 pensar no futuro: escolher uma profiss\u00e3o, equilibrar estudo e trabalho, lidar com as mudan\u00e7as de ideia que surgem pelo caminho e transformar interesses em projetos de vida. Essas escolhas, embora pare\u00e7am distantes, come\u00e7am a ser constru\u00eddas agora, nas experi\u00eancias dentro e fora da escola.<\/p>\n\n\n\n<p><br>Em Vila Palmares, comunidade no Munic\u00edpio de Tail\u00e2ndia (PA), estudantes de escolas p\u00fablicas e particulares participaram da oficina de Projeto de Vida, realizada <a href=\"https:\/\/peabiru.org.br\/en\/projeto\/participa-jovem\/\">Projeto Participa Jovem<\/a>, iniciativa do Instituto Peabiru com foco no fortalecimento de lideran\u00e7as comunit\u00e1rias adolescentes na amaz\u00f4nia.<\/p>\n\n\n\n<p>A atividade marcou o encerramento de um ciclo que, desde setembro de 2024, promoveu debates sobre quest\u00f5es clim\u00e1ticas, <a href=\"https:\/\/peabiru.org.br\/en\/2024\/10\/21\/participa-jovem-projeto-pela-promocao-da-cidadania-juvenil-inicia-nova-fase-em-vila-palmares-tailandia-pa\/\">cidadania<\/a> e <a href=\"https:\/\/peabiru.org.br\/en\/2025\/03\/17\/empoderamento-de-meninas-e-tema-de-oficina-para-adolescentes-nas-escolas-em-vila-palmares-pa\/\">empoderamento de meninas<\/a>, estimulando, a partir das oficinas e din\u00e2micas, o protagonismo juvenil e a reflex\u00e3o sobre o papel das juventudes amaz\u00f4nidas nas comunidades.<\/p>\n\n\n\n<figure class=\"wp-block-image is-resized\"><img loading=\"lazy\" decoding=\"async\" width=\"3024\" height=\"4032\" src=\"https:\/\/peabiru.org.br\/wp-content\/uploads\/2025\/10\/IMG_5150.jpg\" alt=\"\" class=\"wp-image-15243\" style=\"width:436px;height:auto\" srcset=\"https:\/\/peabiru.org.br\/wp-content\/uploads\/2025\/10\/IMG_5150.jpg 3024w, https:\/\/peabiru.org.br\/wp-content\/uploads\/2025\/10\/IMG_5150-225x300.jpg 225w, https:\/\/peabiru.org.br\/wp-content\/uploads\/2025\/10\/IMG_5150-768x1024.jpg 768w, https:\/\/peabiru.org.br\/wp-content\/uploads\/2025\/10\/IMG_5150-1152x1536.jpg 1152w, https:\/\/peabiru.org.br\/wp-content\/uploads\/2025\/10\/IMG_5150-1536x2048.jpg 1536w, https:\/\/peabiru.org.br\/wp-content\/uploads\/2025\/10\/IMG_5150-9x12.jpg 9w\" sizes=\"auto, (max-width: 3024px) 100vw, 3024px\" \/><\/figure>\n\n\n\n<p><\/p>\n\n\n\n<p><strong>Filosofia e juventude<\/strong><\/p>\n\n\n\n<p>Durante a oficina, o tema \u201cprojeto de vida\u201d serviu como ponto de partida para reflex\u00f5es sobre sonhos, desafios e escolhas. \u201c\u00c9 bom ensinar para os alunos o que eles v\u00e3o querer fazer no futuro. Assim, j\u00e1 sa\u00edmos preparados para enfrentar o que tem pela frente e conquistar nossos sonhos\u201d, destaca Isadora Maia, estudante.&nbsp;<\/p>\n\n\n\n<p>O estudante Rydean Monteiro ressalta o papel do incentivo coletivo nas escolhas de cada jovem: \u201cCom essas palestras e com a motiva\u00e7\u00e3o que a gente recebe todos os dias, n\u00e3o s\u00f3 dos professores, mas tamb\u00e9m da nossa casa, dos nossos pais e amigos, seguimos buscando por nossos sonhos e objetos\u201d.&nbsp;<\/p>\n\n\n\n<p>As oficinas de Projeto de Vida uniram filosofia, criatividade e autoconhecimento, aproximando o conte\u00fado da realidade dos jovens e incentivando o olhar para dentro e para o entorno. \u201cEsse \u00e9 o objetivo da filosofia: pensar junto, propor a\u00e7\u00f5es e mobiliza\u00e7\u00f5es entre os jovens, fazer com que eles reflitam sobre&nbsp; a pr\u00f3pria realidade e possam ser agentes de transforma\u00e7\u00e3o\u201d, explica Bruna Gemaque, oficineira da atividade.<\/p>\n\n\n\n<p>Para o articulador social Adriano Egito, a iniciativa contribui para fortalecer espa\u00e7os de participa\u00e7\u00e3o e reflex\u00e3o sobre as juventudes amaz\u00f4nicas.&nbsp; \u201cO Participa fortalece lutas por pol\u00edticas p\u00fablicas para a juventude. O projeto contribui com debates e com a\u00e7\u00f5es concretas em Vila Palmares\u201d, destaca Adriano.<\/p>\n\n\n\n<p>Saiba mais sobre a atividade no <a href=\"https:\/\/www.instagram.com\/reel\/DP1qmS-jR8F\/?igsh=MTNib3ltMWVkcWN3dQ==\" data-type=\"link\" data-id=\"https:\/\/www.instagram.com\/reel\/DP1qmS-jR8F\/?igsh=MTNib3ltMWVkcWN3dQ==\">v\u00eddeo<\/a>.<\/p>\n\n\n\n<p><strong>Sobre o projeto Participa, Jovem!<\/strong><\/p>\n\n\n\n<p>O Participa Jovem \u00e9 uma iniciativa do Instituto Peabiru voltada ao fortalecimento de lideran\u00e7as adolescentes e \u00e0 defesa dos direitos infantojuvenis na Amaz\u00f4nia. Desde 2024, o projeto desenvolve a\u00e7\u00f5es em diferentes territ\u00f3rios, promovendo oficinas, rodas de conversa e atividades que incentivam o protagonismo juvenil e o engajamento social.<br><br><\/p>\n\n\n\n<p><\/p>","protected":false},"excerpt":{"rendered":"<p>Estudantes de escolas p\u00fablicas e particulares participaram de uma oficina sobre projeto de vida, promovida pelo Instituto Peabiru por meio do Projeto Participa Jovem, em Vila Palmares, em Tail\u00e2ndia (PA). Um dos grandes desafios da adolesc\u00eancia \u00e9 pensar no futuro: escolher uma profiss\u00e3o, equilibrar estudo e trabalho, lidar com as mudan\u00e7as de ideia que surgem [&hellip;]<\/p>","protected":false},"author":2,"featured_media":0,"comment_status":"open","ping_status":"open","sticky":false,"template":"","format":"standard","meta":{"advanced_seo_description":"","jetpack_seo_html_title":"","jetpack_seo_noindex":false,"_jetpack_memberships_contains_paid_content":false,"footnotes":""},"categories":[6],"tags":[],"class_list":["post-15242","post","type-post","status-publish","format-standard","hentry","category-noticias"],"jetpack_featured_media_url":"","jetpack_sharing_enabled":true,"_links":{"self":[{"href":"https:\/\/peabiru.org.br\/en\/wp-json\/wp\/v2\/posts\/15242","targetHints":{"allow":["GET"]}}],"collection":[{"href":"https:\/\/peabiru.org.br\/en\/wp-json\/wp\/v2\/posts"}],"about":[{"href":"https:\/\/peabiru.org.br\/en\/wp-json\/wp\/v2\/types\/post"}],"author":[{"embeddable":true,"href":"https:\/\/peabiru.org.br\/en\/wp-json\/wp\/v2\/users\/2"}],"replies":[{"embeddable":true,"href":"https:\/\/peabiru.org.br\/en\/wp-json\/wp\/v2\/comments?post=15242"}],"version-history":[{"count":8,"href":"https:\/\/peabiru.org.br\/en\/wp-json\/wp\/v2\/posts\/15242\/revisions"}],"predecessor-version":[{"id":15259,"href":"https:\/\/peabiru.org.br\/en\/wp-json\/wp\/v2\/posts\/15242\/revisions\/15259"}],"wp:attachment":[{"href":"https:\/\/peabiru.org.br\/en\/wp-json\/wp\/v2\/media?parent=15242"}],"wp:term":[{"taxonomy":"category","embeddable":true,"href":"https:\/\/peabiru.org.br\/en\/wp-json\/wp\/v2\/categories?post=15242"},{"taxonomy":"post_tag","embeddable":true,"href":"https:\/\/peabiru.org.br\/en\/wp-json\/wp\/v2\/tags?post=15242"}],"curies":[{"name":"wp","href":"https:\/\/api.w.org\/{rel}","templated":true}]}}