{"id":3851,"date":"2016-10-05T13:46:00","date_gmt":"2016-10-05T16:46:00","guid":{"rendered":"http:\/\/peabiru.org.br\/?p=3851"},"modified":"2016-10-05T13:46:00","modified_gmt":"2016-10-05T16:46:00","slug":"museu-goeldi-completa-150-anos","status":"publish","type":"post","link":"https:\/\/peabiru.org.br\/en\/2016\/10\/05\/museu-goeldi-completa-150-anos\/","title":{"rendered":"Museu Goeldi completa 150 anos em 2016"},"content":{"rendered":"<p>&nbsp;<\/p>\n<p>O Museu Paraense Em\u00edlio Goeldi, fundado em 1866, \u00e9 o segundo mais antigo do Brasil no seu g\u00eanero e refer\u00eancia internacional em ci\u00eancias e pesquisas sobre a Amaz\u00f4nia.<\/p>\n<p>No pr\u00f3ximo dia 06 de outubro, o museu faz anivers\u00e1rio e comemora com parcerias, abrindo suas portas para a popula\u00e7\u00e3o de Bel\u00e9m, com uma programa\u00e7\u00e3o que inicia \u00e0s 9h e dura at\u00e9 o fim da manh\u00e3. O Parque Zoobot\u00e2nico ficar\u00e1 \u00e0 disposi\u00e7\u00e3o do p\u00fablico at\u00e9 \u00e0s 17 horas.<\/p>\n<p>A festa prev\u00ea a presen\u00e7a de autoridades e artistas que, juntamente com o p\u00fablico, ir\u00e3o comemorar este sesquicenten\u00e1rio de uma institui\u00e7\u00e3o que tem forte rela\u00e7\u00e3o afetiva com o paraense, como disse a cantora <a href=\"https:\/\/peabiru.org.br\/en\/progoeldi\/\">Faf\u00e1 de Bel\u00e9m<\/a>: <em>\u201cO Museu Goeldi \u00e9 uma refer\u00eancia da minha terra para o mundo, mas \u00e9 uma refer\u00eancia afetiva muito grande para mim, eu cresci aqui dentro deste Museu\u201d<\/em>, e completou: <em>\u201cO Museu \u00e9 o resgate da nossa hist\u00f3ria, da nossa natureza, aqui tem nossa origem ind\u00edgena, cabocla, as nossas plantas, nossas \u00e1rvores e esperamos que possamos nos dar as m\u00e3os e abra\u00e7ar o Museu\u201d<\/em>.<\/p>\n<p>O Museu, com o apoio do <a href=\"http:\/\/www.espacogoeldi150.org\/o-progoeldi\"><strong>Programa ProGoeldi<\/strong><\/a>, fruto de uma parceria com o instituto Peabiru, lan\u00e7a neste dia a primeira etapa da pintura dos muros e das edifica\u00e7\u00f5es hist\u00f3ricas, como parte do <strong>Projeto Vit\u00f3ria R\u00e9gia<\/strong> no Parque. A a\u00e7\u00e3o conta com pintores volunt\u00e1rios e reeducandos do sistema penitenci\u00e1rio, dentro de um processo de reintegra\u00e7\u00e3o social, capacita\u00e7\u00e3o profissional e perspectivas de resgate da cidadania.<\/p>\n<p>Simultaneamente, haver\u00e1 a inaugura\u00e7\u00e3o do <a href=\"http:\/\/www.espacogoeldi150.org\/\"><strong>Espa\u00e7o Goeldi 150<\/strong><\/a>, uma parceria do <strong>ProGoeldi<\/strong> com a <strong>Imerys Caulim<\/strong>, no qual a Livraria do Museu ser\u00e1 reaberta e onde estar\u00e3o objetos ind\u00edgenas e artesanato regional. Neste local, o visitante poder\u00e1 doar para a Campanha de revitaliza\u00e7\u00e3o do Parque e receber <a href=\"http:\/\/www.espacogoeldi150.org\/recompensas\">recompensas<\/a>.<\/p>\n<p>Neste dia festivo tamb\u00e9m haver\u00e1 o <strong>Caf\u00e9 Beneficente<\/strong>, onde os visitantes poder\u00e3o apreciar a culin\u00e1ria regional, ao mesmo tempo em que contribuem para a revitaliza\u00e7\u00e3o do Parque.<\/p>\n<p><strong>Cronograma do Evento<\/strong><\/p>\n<p><strong>\u00a0<\/strong><strong>9 horas<\/strong>, abertura do Parque com hasteamento da bandeira nacional, do estado do Par\u00e1 e de Bel\u00e9m pelo Grupo de Nazar\u00e9 Escoteiros do Mar &#8211; 7\/PA.<\/p>\n<p><strong>9h15<\/strong>, performance da artista pl\u00e1stica L\u00facia Gomes com o p\u00fablico na apresenta\u00e7\u00e3o de \u201cBaby Che\u201d.<\/p>\n<p><strong>10h00<\/strong>, Diretor do Museu Nilson Gabas Junior abre o evento e convida as autoridades presentes ao palco em frente a Rocinha, para fazerem a \u201cpincelada inaugural\u201d da pintura do Museu, com espa\u00e7o para autoridades tamb\u00e9m participarem do ato. Com um bolo de flores (mudas e flores que o p\u00fablico poder\u00e1 levar para casa), os presentes cantar\u00e3o parab\u00e9ns ao Museu.<\/p>\n<p><strong>10h00<\/strong>, os presentes ser\u00e3o convidados a visitarem a exposi\u00e7\u00e3o <strong>Museu e Voc\u00ea<\/strong> na sala transversal da Rocinha e a visitarem o <strong>Espa\u00e7o Goeldi 150<\/strong>, onde est\u00e1 instalado um <strong>Caf\u00e9 Beneficente.<\/strong><\/p>\n<p>Na sequ\u00eancia, os presentes ser\u00e3o convidados a <strong>abra\u00e7ar a Rocinha<\/strong>, simbolizando um abra\u00e7o ao Museu Goeldi. Esta etapa ter\u00e1 filmagem por <em>drone<\/em> pelo jornalista e fot\u00f3grafo Paulo Santos, que oferecer\u00e1 as imagens para a m\u00eddia.<\/p>\n<p>Plantio da \u201c<strong>\u00c1rvore dos 150 Anos<\/strong>\u201d.<\/p>\n<p><strong>11h00<\/strong>, fim do evento, passeio livre pelo Parque Zoobot\u00e2nico.<\/p>\n<p><strong>Servi\u00e7o<\/strong><\/p>\n<p>Parque Zoobot\u00e2nico do Museu Paraense Em\u00edlio Goeldi \u2013 Av. Magalh\u00e3es Barata, 376 &#8211; Bel\u00e9m\/PA<img loading=\"lazy\" decoding=\"async\" class=\"alignnone size-full wp-image-3856\" src=\"https:\/\/peabiru.org.br\/wp-content\/uploads\/2016\/10\/20151201_074041.jpg\" alt=\"20151201_074041\" width=\"4160\" height=\"2340\" srcset=\"https:\/\/peabiru.org.br\/wp-content\/uploads\/2016\/10\/20151201_074041.jpg 1920w, https:\/\/peabiru.org.br\/wp-content\/uploads\/2016\/10\/20151201_074041-300x169.jpg 300w, https:\/\/peabiru.org.br\/wp-content\/uploads\/2016\/10\/20151201_074041-1024x576.jpg 1024w, https:\/\/peabiru.org.br\/wp-content\/uploads\/2016\/10\/20151201_074041-768x432.jpg 768w, https:\/\/peabiru.org.br\/wp-content\/uploads\/2016\/10\/20151201_074041-1536x864.jpg 1536w, https:\/\/peabiru.org.br\/wp-content\/uploads\/2016\/10\/20151201_074041-2048x1152.jpg 2048w\" sizes=\"auto, (max-width: 4160px) 100vw, 4160px\" \/><\/p>","protected":false},"excerpt":{"rendered":"<p>&nbsp; O Museu Paraense Em\u00edlio Goeldi, fundado em 1866, \u00e9 o segundo mais antigo do Brasil no seu g\u00eanero e refer\u00eancia internacional em ci\u00eancias e pesquisas sobre a Amaz\u00f4nia. No pr\u00f3ximo dia 06 de outubro, o museu faz anivers\u00e1rio e comemora com parcerias, abrindo suas portas para a popula\u00e7\u00e3o de Bel\u00e9m, com uma programa\u00e7\u00e3o que [&hellip;]<\/p>","protected":false},"author":2,"featured_media":3856,"comment_status":"open","ping_status":"closed","sticky":false,"template":"","format":"standard","meta":{"advanced_seo_description":"","jetpack_seo_html_title":"","jetpack_seo_noindex":false,"_jetpack_memberships_contains_paid_content":false,"footnotes":""},"categories":[6],"tags":[558,603,678],"class_list":["post-3851","post","type-post","status-publish","format-standard","has-post-thumbnail","hentry","category-noticias","tag-museu-paraense-emilio-goeldi","tag-parque-zoobotanico","tag-progoeldi"],"jetpack_featured_media_url":"https:\/\/peabiru.org.br\/wp-content\/uploads\/2016\/10\/20151201_074041.jpg","jetpack_sharing_enabled":true,"_links":{"self":[{"href":"https:\/\/peabiru.org.br\/en\/wp-json\/wp\/v2\/posts\/3851","targetHints":{"allow":["GET"]}}],"collection":[{"href":"https:\/\/peabiru.org.br\/en\/wp-json\/wp\/v2\/posts"}],"about":[{"href":"https:\/\/peabiru.org.br\/en\/wp-json\/wp\/v2\/types\/post"}],"author":[{"embeddable":true,"href":"https:\/\/peabiru.org.br\/en\/wp-json\/wp\/v2\/users\/2"}],"replies":[{"embeddable":true,"href":"https:\/\/peabiru.org.br\/en\/wp-json\/wp\/v2\/comments?post=3851"}],"version-history":[{"count":0,"href":"https:\/\/peabiru.org.br\/en\/wp-json\/wp\/v2\/posts\/3851\/revisions"}],"wp:featuredmedia":[{"embeddable":true,"href":"https:\/\/peabiru.org.br\/en\/wp-json\/wp\/v2\/media\/3856"}],"wp:attachment":[{"href":"https:\/\/peabiru.org.br\/en\/wp-json\/wp\/v2\/media?parent=3851"}],"wp:term":[{"taxonomy":"category","embeddable":true,"href":"https:\/\/peabiru.org.br\/en\/wp-json\/wp\/v2\/categories?post=3851"},{"taxonomy":"post_tag","embeddable":true,"href":"https:\/\/peabiru.org.br\/en\/wp-json\/wp\/v2\/tags?post=3851"}],"curies":[{"name":"wp","href":"https:\/\/api.w.org\/{rel}","templated":true}]}}