{"id":5103,"date":"2017-09-04T17:03:15","date_gmt":"2017-09-04T20:03:15","guid":{"rendered":"http:\/\/peabiru.org.br\/?p=5103"},"modified":"2017-09-04T17:03:15","modified_gmt":"2017-09-04T20:03:15","slug":"leia-aqui-carta-aberta-do-progoeldi-sobre-o-museu-goeldi","status":"publish","type":"post","link":"https:\/\/peabiru.org.br\/en\/2017\/09\/04\/leia-aqui-carta-aberta-do-progoeldi-sobre-o-museu-goeldi\/","title":{"rendered":"ProGoeldi: como apoiar o Museu Goeldi!"},"content":{"rendered":"<p>Nos \u00faltimos dias, diversas pessoas e organiza\u00e7\u00f5es se manifestaram indignadas perante o corte de verbas para o Museu Goeldi e outros \u00f3rg\u00e3os federais de pesquisa e ensino.<\/p>\n<p>Est\u00e1 marcado para domingo, 17 de setembro, \u00e0s 9 horas, um abra\u00e7o no entorno do Parque Zoobot\u00e2nico do Museu Goeldi. O Programa <strong>ProGoeldi<\/strong>, criado pela sociedade civil e que apoia h\u00e1 2 anos a revitaliza\u00e7\u00e3o do Parque, v\u00ea esta oportunidade como um momento de engajamento efetivo.<\/p>\n<p>Est\u00e1 na hora de empresas, organiza\u00e7\u00f5es p\u00fablicas e indiv\u00edduos contribu\u00edrem diretamente com a reforma do Parque e com a amplia\u00e7\u00e3o de seus servi\u00e7os educacionais, culturais e cient\u00edficos. Afinal, depender apenas do poder p\u00fablico federal amea\u00e7a o nosso Museu Goeldi.<\/p>\n<p>Artistas como Faf\u00e1 de Bel\u00e9m j\u00e1 se mobilizaram e est\u00e3o confirmando a sua presen\u00e7a.<\/p>\n<p>Venha voc\u00ea tamb\u00e9m!<\/p>\n<h3><strong>Saiba como contribuir<\/strong><\/h3>\n<ul>\n<li>Adquirir produtos da Loja do Museu (Espa\u00e7o Museu Goeldi) \u2013 onde tamb\u00e9m se pode realizar doa\u00e7\u00f5es por cart\u00e3o de d\u00e9bito e de cr\u00e9dito.<\/li>\n<li>Doa\u00e7\u00f5es \u2013 Como indiv\u00edduo ou organiza\u00e7\u00e3o \u2013 deposite na conta corrente abaixo: Instituto Peabiru \u2013 ProGoeldi<em>CNPJ : 02.650.035\/0001-00<\/em><br \/>\n<em>Ita\u00fa \u2013\u00a0Banco 341 \u2013<\/em><br \/>\n<em>Conta corrente: 20199-1<\/em><br \/>\n<em>Ag\u00eancia: 8347\u00a0<\/em><\/li>\n<li>Envie comprovante para peabiru@peabiru.org.br e mandaremos recibo de doa\u00e7\u00e3o correspondente (informe seu nome, cpf e endere\u00e7o completo e email). No caso de organiza\u00e7\u00e3o seu nome, raz\u00e3o social, CNPJ e contato: nome, cargo, telefone,\u00a0email, para a emiss\u00e3o do recibo.<\/li>\n<li>Ado\u00e7\u00e3o de projetos \/ Patroc\u00ednio \u2013 entre as prioridades est\u00e3o:\n<ul>\n<li>Caf\u00e9 do Espa\u00e7o Museu Goeldi;<\/li>\n<li>Reforma do Espa\u00e7o de Atividades Educativas (Ra\u00edzes) ;<\/li>\n<li>Novo Recinto das Pregui\u00e7as;<\/li>\n<li>Novo Recinto do Pirarucu; e<\/li>\n<li>Programa Pesquisador Mirim<\/li>\n<\/ul>\n<\/li>\n<\/ul>\n<p>Consulte-nos sobre os detalhes contatando <a>oswaldo@peabiru.org.br<\/a> \u2013 (91) 985.011.257 e (91) 987.010.288 (WhatsApp)<\/p>\n<p><b>Clique aqui para saber mais sobre o <a href=\"https:\/\/peabiru.org.br\/en\/progoeldi\/\">Programa<\/a><\/b><a href=\"https:\/\/peabiru.org.br\/en\/progoeldi\/\"><strong> ProGoeldi<\/strong><\/a><\/p>","protected":false},"excerpt":{"rendered":"<p>Nos \u00faltimos dias, diversas pessoas e organiza\u00e7\u00f5es se manifestaram indignadas perante o corte de verbas para o Museu Goeldi e outros \u00f3rg\u00e3os federais de pesquisa e ensino. Est\u00e1 marcado para domingo, 17 de setembro, \u00e0s 9 horas, um abra\u00e7o no entorno do Parque Zoobot\u00e2nico do Museu Goeldi. O Programa ProGoeldi, criado pela sociedade civil e [&hellip;]<\/p>","protected":false},"author":2,"featured_media":5141,"comment_status":"open","ping_status":"closed","sticky":false,"template":"","format":"standard","meta":{"advanced_seo_description":"","jetpack_seo_html_title":"","jetpack_seo_noindex":false,"_jetpack_memberships_contains_paid_content":false,"footnotes":""},"categories":[6],"tags":[12,33,256,555,558,678],"class_list":["post-5103","post","type-post","status-publish","format-standard","has-post-thumbnail","hentry","category-noticias","tag-destaques","tag-abrace-o-museu-goeldi","tag-destaque","tag-museu-emilio-goeldi","tag-museu-paraense-emilio-goeldi","tag-progoeldi"],"jetpack_featured_media_url":"https:\/\/peabiru.org.br\/wp-content\/uploads\/2017\/09\/planta-pz-542kb.jpg","jetpack_sharing_enabled":true,"_links":{"self":[{"href":"https:\/\/peabiru.org.br\/en\/wp-json\/wp\/v2\/posts\/5103","targetHints":{"allow":["GET"]}}],"collection":[{"href":"https:\/\/peabiru.org.br\/en\/wp-json\/wp\/v2\/posts"}],"about":[{"href":"https:\/\/peabiru.org.br\/en\/wp-json\/wp\/v2\/types\/post"}],"author":[{"embeddable":true,"href":"https:\/\/peabiru.org.br\/en\/wp-json\/wp\/v2\/users\/2"}],"replies":[{"embeddable":true,"href":"https:\/\/peabiru.org.br\/en\/wp-json\/wp\/v2\/comments?post=5103"}],"version-history":[{"count":0,"href":"https:\/\/peabiru.org.br\/en\/wp-json\/wp\/v2\/posts\/5103\/revisions"}],"wp:featuredmedia":[{"embeddable":true,"href":"https:\/\/peabiru.org.br\/en\/wp-json\/wp\/v2\/media\/5141"}],"wp:attachment":[{"href":"https:\/\/peabiru.org.br\/en\/wp-json\/wp\/v2\/media?parent=5103"}],"wp:term":[{"taxonomy":"category","embeddable":true,"href":"https:\/\/peabiru.org.br\/en\/wp-json\/wp\/v2\/categories?post=5103"},{"taxonomy":"post_tag","embeddable":true,"href":"https:\/\/peabiru.org.br\/en\/wp-json\/wp\/v2\/tags?post=5103"}],"curies":[{"name":"wp","href":"https:\/\/api.w.org\/{rel}","templated":true}]}}