{"id":6996,"date":"2019-06-19T18:44:06","date_gmt":"2019-06-19T21:44:06","guid":{"rendered":"http:\/\/peabiru.org.br\/?p=6996"},"modified":"2019-06-19T18:44:06","modified_gmt":"2019-06-19T21:44:06","slug":"celpa-e-progoeldi-apoiam-a-criacao-da-nova-marca-do-museu-paraense-emilio-goeldi","status":"publish","type":"post","link":"https:\/\/peabiru.org.br\/en\/2019\/06\/19\/celpa-e-progoeldi-apoiam-a-criacao-da-nova-marca-do-museu-paraense-emilio-goeldi\/","title":{"rendered":"Celpa e ProGoeldi apoiam a cria\u00e7\u00e3o da nova marca do Museu Paraense Em\u00edlio Goeldi"},"content":{"rendered":"<p><em>Com a parceria, o Museu Goeldi lan\u00e7a nova marca e se prepara para reinaugura\u00e7\u00e3o do aqu\u00e1rio Jacques Huber no segundo semestre de 2019<\/em><\/p>\n\n\n\n<figure class=\"wp-block-image\"><img loading=\"lazy\" decoding=\"async\" width=\"785\" height=\"318\" src=\"https:\/\/peabiru.org.br\/wp-content\/uploads\/2019\/06\/marca_2019_museu_goeldi_uni.png?w=785\" class=\"wp-image-7050\" srcset=\"https:\/\/peabiru.org.br\/wp-content\/uploads\/2019\/06\/marca_2019_museu_goeldi_uni.png 785w, https:\/\/peabiru.org.br\/wp-content\/uploads\/2019\/06\/marca_2019_museu_goeldi_uni-300x122.png 300w, https:\/\/peabiru.org.br\/wp-content\/uploads\/2019\/06\/marca_2019_museu_goeldi_uni-768x311.png 768w\" sizes=\"auto, (max-width: 785px) 100vw, 785px\" \/><\/figure>\n\n\n\n<p style=\"text-align:justify;\" class=\"has-drop-cap\">Uma das institui\u00e7\u00f5es de pesquisa mais antigas do pa\u00eds e pioneira no estudo da Amaz\u00f4nia, o Museu Paraense Em\u00edlio Goeldi (MPEG) lan\u00e7ou oficialmente no Dia Mundial do Meio Ambiente, 5 de junho, sua nova marca, em Bel\u00e9m (PA). Fruto da parceria com a Celpa (Centrais El\u00e9tricas do Par\u00e1), atrav\u00e9s do programa ProGoeldi, do Instituto Peabiru al\u00e9m da nova marca, o Museu receber\u00e1 este ano um novo projeto de sinaliza\u00e7\u00e3o e a revitaliza\u00e7\u00e3o de seu aqu\u00e1rio.<\/p>\n\n\n\n<p style=\"text-align:justify;\">Com recursos da Celpa, captados pelo programa ProGoeldi, do Instituto Peabiru, o projeto da marca do Museu Goeldi \u00e9 assinado pela Mapinguari Design. Reconhecida pela sua atua\u00e7\u00e3o na Amaz\u00f4nia, com destaque para o design estrat\u00e9gico e para a sustentabilidade, a empresa fundada pelas designers e pesquisadoras premiadas Fernanda Martins e S\u00e2mia Batista, realiza pela segunda vez uma parceria com o Museu Goeldi. Em 2016, as designers desenvolveram o selo comemorativo dos 150 anos da institui\u00e7\u00e3o.<br><\/p>\n\n\n\n<p style=\"text-align:justify;\">Desta vez, a Mapinguari foi respons\u00e1vel pela cria\u00e7\u00e3o da nova identidade visual para a institui\u00e7\u00e3o de quase 153 anos. &#8220;A nova identidade visual do Museu Goeldi \u00e9 resultado de um amplo trabalho para valorizar a sua import\u00e2ncia, enquanto espa\u00e7o de produ\u00e7\u00e3o de conhecimento cient\u00edfico sobre a Amaz\u00f4nia. Mais do que um sinal gr\u00e1fico, a nova marca reposiciona a institui\u00e7\u00e3o, enfatizando a inova\u00e7\u00e3o do trabalho de pesquisa do Museu&#8221;, resume a designer Fernanda Martins, que se define como uma apaixonada pela institui\u00e7\u00e3o que conheceu em 2002.<\/p>\n\n\n\n<div class=\"wp-block-image\"><figure class=\"aligncenter\"><img loading=\"lazy\" decoding=\"async\" width=\"1298\" height=\"860\" src=\"https:\/\/peabiru.org.br\/wp-content\/uploads\/2019\/06\/marca_2019_museu_goeldi.png\" alt=\"\" class=\"wp-image-7046\" srcset=\"https:\/\/peabiru.org.br\/wp-content\/uploads\/2019\/06\/marca_2019_museu_goeldi.png 1298w, https:\/\/peabiru.org.br\/wp-content\/uploads\/2019\/06\/marca_2019_museu_goeldi-300x199.png 300w, https:\/\/peabiru.org.br\/wp-content\/uploads\/2019\/06\/marca_2019_museu_goeldi-1024x678.png 1024w, https:\/\/peabiru.org.br\/wp-content\/uploads\/2019\/06\/marca_2019_museu_goeldi-768x509.png 768w\" sizes=\"auto, (max-width: 1298px) 100vw, 1298px\" \/><\/figure><\/div>\n\n\n\n<p style=\"text-align:center;\"><em>A nova marca do Museu Goeldi \u00e9 a oitava a representar a Institui\u00e7\u00e3o em sua hist\u00f3ria de quase 153 anos. Imagem: Divulga\u00e7\u00e3o\/Museu Goeldi.<\/em><\/p>\n\n\n\n<h4 class=\"wp-block-heading\">&nbsp;<br><strong>O programa Progoeldi do Instituto Peabiru &#8211; Parceria em prol do Museu Goeldi<\/strong><\/h4>\n\n\n\n<p style=\"text-align:justify;\">Coordenado pelo Instituto Peabiru, o programa ProGoeldi, foi criado em 2015 para unir esfor\u00e7os da sociedade civil em prol do Museu Goeldi na ocasi\u00e3o de seus 150 anos, comemorados em outubro de 2016. Seu foco tem sido a revitaliza\u00e7\u00e3o do Parque Zoobot\u00e2nico do Museu, atrav\u00e9s de parcerias a realiza\u00e7\u00e3o de a\u00e7\u00f5es, como a pintura dos muros externos, com apoio da Akzo Nobel (Tintas Coral) a reforma dos decks e a reabertura da loja do Museu, que hoje comp\u00f5e o espa\u00e7o Caf\u00e9 do Museu, com o apoio da Imerys. O Parque Zoobot\u00e2nico, fundado em 1895, \u00e9 o mais antigo neste g\u00eanero e um dos principais destinos de quem visita a regi\u00e3o amaz\u00f4nica, recebendo cerca de 400 mil visitantes por ano.&nbsp;No in\u00edcio de 2019 a Celpa, em parceria com o programa ProGoeldi, anunciou o projeto de revitaliza\u00e7\u00e3o do Aqu\u00e1rio Jacques Huber, o aqu\u00e1rio p\u00fablico mais antigo do Brasil e uma das principais atra\u00e7\u00f5es do Parque Zoobot\u00e2nico. A iniciativa faz parte do projeto&nbsp;<em>Celpa Mais Desenvolvimento Social<\/em>&nbsp;e conta com um investimento social e cultural na ordem de 418 mil reais. O lan\u00e7amento da nova marca do Museu Goeldi corresponde \u00e0 primeira etapa deste projeto, que prev\u00ea, al\u00e9m da revitaliza\u00e7\u00e3o do Aqu\u00e1rio, a concep\u00e7\u00e3o de um sistema de sinaliza\u00e7\u00e3o e identidade visual para o Parque. O presidente da Celpa, Marcos Almeida, destaca que a nova marca indica a chegada de bons momentos para a institui\u00e7\u00e3o. &#8220;Em breve, o Museu estar\u00e1 com o seu Aqu\u00e1rio e sinaliza\u00e7\u00e3o das vias internas totalmente reformulados e nada mais justo tamb\u00e9m termos uma identidade visual que dialogue com essa nova fase, que esperamos atrair ainda mais visitantes e turistas para este espa\u00e7o de extrema import\u00e2ncia para a cultura mundial&#8221;, afirma o presidente.<\/p>\n\n\n\n<p style=\"text-align:justify;\">Jo\u00e3o Meirelles, diretor do Instituto Peabiru e coordenador do ProGoeldi destaca a import\u00e2ncia da parceria entre empresas e organiza\u00e7\u00f5es p\u00fablicas, em benef\u00edcio da popula\u00e7\u00e3o. &#8220;Estamos felizes que o Progoeldi, como iniciativa da sociedade civil, tenha contribu\u00eddo para essa importante realiza\u00e7\u00e3o, que \u00e9 a nova marca do Museu Goeldi. Este \u00e9 o tipo de resultado de parcerias vitoriosas em que trabalham juntos, o Museu, a Celpa, como iniciativa privada, e a sociedade civil, por meio do Instituto Peabiru&#8221;.<br><\/p>\n\n\n\n<h4 class=\"wp-block-heading\"><strong>A nova marca do Goeldi, do p\u00fablico para o p\u00fablico<\/strong><\/h4>\n\n\n\n<p style=\"text-align:justify;\">&nbsp;A constru\u00e7\u00e3o da nova marca contou com a participa\u00e7\u00e3o da comunidade interna e externa do Museu Em\u00edlio Goeldi, por meio de tr\u00eas consultas p\u00fablicas realizadas em diferentes momentos do processo. As ideias e palavras-chave, resultado da consulta ao p\u00fablico, auxiliaram na compreens\u00e3o do Museu Goeldi como uma institui\u00e7\u00e3o que constr\u00f3i a percep\u00e7\u00e3o da Amaz\u00f4nia a partir da ci\u00eancia e como um ator fundamental no fortalecimento da identidade amaz\u00f4nica. &#8220;A marca simboliza o olhar do pesquisador sobre a Amaz\u00f4nia, que revela toda a sua riqueza e complexidade. \u00c9 uma janela de conhecimento, \u00e9 um portal da experi\u00eancia da floresta. A marca tamb\u00e9m se adequa \u00e0s novas tecnologias, equilibrando tra\u00e7os org\u00e2nicos com uma tipografia robusta. O desenho simples e direto favorece o estabelecimento de uma comunica\u00e7\u00e3o efetiva com o p\u00fablico, e adequa a assinatura do Museu Goeldi aos mais diferentes suportes e situa\u00e7\u00f5es&#8221;, acrescenta a designer Fernanda Martins.<br><\/p>\n\n\n\n<p style=\"text-align:justify;\">Todo o resultado poder\u00e1 tamb\u00e9m ser apreciado e utilizado pelos admiradores do Museu Goeldi. Uma linha de camisetas com a nova marca est\u00e1 dispon\u00edvel ao p\u00fablico que poder\u00e1 vestir a camisa do Goeldi em quatro belas texturas (ver galeria de imagens). As camisetas em modelos feminino e masculino j\u00e1 est\u00e3o dispon\u00edveis para aquisi\u00e7\u00e3o na loja do Caf\u00e9 do Museu Goeldi e na Peabiru Produtos da Floresta (pelo valor de R$55,00). A renda obtida com a venda das camisetas auxiliar\u00e1 a manuten\u00e7\u00e3o do Parque Zoobot\u00e2nico.<\/p>\n\n\n\n<figure class=\"wp-block-image\"><img loading=\"lazy\" decoding=\"async\" width=\"1920\" height=\"1130\" src=\"https:\/\/peabiru.org.br\/wp-content\/uploads\/2019\/06\/camisas3.jpg?w=1680\" class=\"wp-image-7056\" srcset=\"https:\/\/peabiru.org.br\/wp-content\/uploads\/2019\/06\/camisas3.jpg 1920w, https:\/\/peabiru.org.br\/wp-content\/uploads\/2019\/06\/camisas3-300x177.jpg 300w, https:\/\/peabiru.org.br\/wp-content\/uploads\/2019\/06\/camisas3-1024x602.jpg 1024w, https:\/\/peabiru.org.br\/wp-content\/uploads\/2019\/06\/camisas3-768x452.jpg 768w, https:\/\/peabiru.org.br\/wp-content\/uploads\/2019\/06\/camisas3-1536x904.jpg 1536w, https:\/\/peabiru.org.br\/wp-content\/uploads\/2019\/06\/camisas3-2048x1205.jpg 2048w\" sizes=\"auto, (max-width: 1920px) 100vw, 1920px\" \/><\/figure>\n\n\n\n<p style=\"background-color:#0d6d6a;color:#ffffff;\" class=\"has-text-color has-background\"><strong>Onde encontrar as camisas do Museu Goeldi<br><\/strong> \u27a5 <strong>Loja do Museu \/ Sama\u00fama Artesanato (Bel\u00e9m, PA)<\/strong><br>Av. Magalh\u00e3es Barata, 376. S\u00e3o Braz.<br>Hor\u00e1rio de funcionamento: ter\u00e7a a domingo, de 9h \u00e0s 17h.<br>Telefone: (91) 98129-9534<strong><br><br><\/strong> \u27a5 <strong>Loja Peabiru Produtos da Floresta (Bel\u00e9m, PA)<\/strong><br>Rua \u00d3 de Almeida, 1083. Reduto.<br>Hor\u00e1rio de funcionamento: segunda a sexta, de 12h \u00e0s 17h.<br>Telefone: (91) 3222 6000<\/p>","protected":false},"excerpt":{"rendered":"<p>Com a parceria, o Museu Goeldi lan\u00e7a nova marca e se prepara para reinaugura\u00e7\u00e3o do aqu\u00e1rio Jacques Huber no segundo semestre de 2019 Uma das institui\u00e7\u00f5es de pesquisa mais antigas do pa\u00eds e pioneira no estudo da Amaz\u00f4nia, o Museu Paraense Em\u00edlio Goeldi (MPEG) lan\u00e7ou oficialmente no Dia Mundial do Meio Ambiente, 5 de junho, [&hellip;]<\/p>","protected":false},"author":2,"featured_media":7050,"comment_status":"open","ping_status":"closed","sticky":false,"template":"","format":"standard","meta":{"advanced_seo_description":"","jetpack_seo_html_title":"","jetpack_seo_noindex":false,"_jetpack_memberships_contains_paid_content":false,"footnotes":""},"categories":[6],"tags":[12,547,556,558,610,678],"class_list":["post-6996","post","type-post","status-publish","format-standard","has-post-thumbnail","hentry","category-noticias","tag-destaques","tag-mpeg","tag-museu-goeldi","tag-museu-paraense-emilio-goeldi","tag-peabiru-produtos-da-floresta","tag-progoeldi"],"jetpack_featured_media_url":"https:\/\/peabiru.org.br\/wp-content\/uploads\/2019\/06\/marca_2019_museu_goeldi_uni.png","jetpack_sharing_enabled":true,"_links":{"self":[{"href":"https:\/\/peabiru.org.br\/en\/wp-json\/wp\/v2\/posts\/6996","targetHints":{"allow":["GET"]}}],"collection":[{"href":"https:\/\/peabiru.org.br\/en\/wp-json\/wp\/v2\/posts"}],"about":[{"href":"https:\/\/peabiru.org.br\/en\/wp-json\/wp\/v2\/types\/post"}],"author":[{"embeddable":true,"href":"https:\/\/peabiru.org.br\/en\/wp-json\/wp\/v2\/users\/2"}],"replies":[{"embeddable":true,"href":"https:\/\/peabiru.org.br\/en\/wp-json\/wp\/v2\/comments?post=6996"}],"version-history":[{"count":0,"href":"https:\/\/peabiru.org.br\/en\/wp-json\/wp\/v2\/posts\/6996\/revisions"}],"wp:featuredmedia":[{"embeddable":true,"href":"https:\/\/peabiru.org.br\/en\/wp-json\/wp\/v2\/media\/7050"}],"wp:attachment":[{"href":"https:\/\/peabiru.org.br\/en\/wp-json\/wp\/v2\/media?parent=6996"}],"wp:term":[{"taxonomy":"category","embeddable":true,"href":"https:\/\/peabiru.org.br\/en\/wp-json\/wp\/v2\/categories?post=6996"},{"taxonomy":"post_tag","embeddable":true,"href":"https:\/\/peabiru.org.br\/en\/wp-json\/wp\/v2\/tags?post=6996"}],"curies":[{"name":"wp","href":"https:\/\/api.w.org\/{rel}","templated":true}]}}